{"id":890,"date":"2019-11-29T19:30:01","date_gmt":"2019-11-29T18:30:01","guid":{"rendered":"http:\/\/transformadosmetalicostoral.com\/?p=890"},"modified":"2023-09-19T08:32:47","modified_gmt":"2023-09-19T06:32:47","slug":"metal-processed-toral-integriert-in-seinen-technologiepark-eine-laser-faseroptik-lasertechnologie-blechschneidemaschine-der-neuesten-generation","status":"publish","type":"post","link":"https:\/\/transformadosmetalicostoral.com\/de\/transformados-metalicos-toral-incorpora-a-su-parque-tecnologico-una-maquina-de-corte-de-chapa-por-tecnologia-laser-fibra-optica-de-ultima-generacion\/","title":{"rendered":"Transformados Met\u00e1licos Toral integriert in seinen Technologiepark eine hochmoderne Blechschneidemaschine mit Lasertechnologie (Faseroptik)."},"content":{"rendered":"<p>Das Unternehmen <strong><a href=\"https:\/\/transformadosmetalicostoral.com\/de\/\">Metalltransformiertes Toral<\/a><\/strong>mit Sitz im Valladolid Pol\u00edgono de San Crist\u00f3bal (Kastilien und Le\u00f3n) hat eine neue Maschine zum Schneiden von Blechen erworben <strong>modernste faseroptische Lasertechnologie<\/strong>. Dadurch k\u00f6nnen Sie Ihren nationalen und internationalen Kunden eine h\u00f6here Qualit\u00e4t Ihrer Produkte und Dienstleistungen sowie k\u00fcrzere Lieferzeiten bieten.<\/p>\n<p>T<strong>Oral wurde 1936 geboren<\/strong> um Dienstleistungen f\u00fcr den Kfz-Blechreparatursektor zu erbringen. Im Laufe der Jahre entwickelte sich das Unternehmen weiter, wuchs und passte sich an, um die Metallverarbeitungsaktivit\u00e4ten durchzuf\u00fchren, die es heute ausf\u00fchrt: <strong>Herstellung von mechanischen Anlagen<\/strong> (Fertigung, Montage und Inbetriebnahme), sowohl unserer eigenen Konstruktion als auch von Dritten, sowie der <strong>Herstellung von Metallteilen in Serie<\/strong> f\u00fcr verschiedene Industriebereiche.<\/p>\n<p>Markieren Sie das <strong>die neue DURMA-Maschine<\/strong> Es wurde von Toral erworben und von der Europ\u00e4ischen Union \u00fcber den Europ\u00e4ischen Fonds f\u00fcr regionale Entwicklung (EFRE) und von der Regierung von Kastilien und Le\u00f3n \u00fcber das Institut f\u00fcr Unternehmenswettbewerbsf\u00e4higkeit von Kastilien und Le\u00f3n (ICE) kofinanziert.<\/p>\n<p>Mit dieser neuen Technologie kann das Unternehmen seinen Kunden eine breite Palette von L\u00f6sungen anbieten, da es das Schneiden von Blechen aus verschiedenen Materialien wie Stahl, Edelstahl, verzinktem Blech, Aluminium und Messing in verschiedenen St\u00e4rken bis zu 20 erm\u00f6glicht mm je nach Materialart<\/p>\n<p>Abschlie\u00dfend ist es auch wichtig, dies hervorzuheben <strong>Mit diesem exklusiven Schneidsystem k\u00f6nnen Sie den Produktionsprozess umfassend optimieren<\/strong>, da das Unternehmen durch die Unabh\u00e4ngigkeit von externen Unternehmen den Produktionsprozess von Anfang bis Ende in seinen renovierten 3.300 m\u00b2 gro\u00dfen Anlagen besser kontrollieren kann, was dazu beitragen wird <strong>bieten qualitativ hochwertigen Service zu wettbewerbsf\u00e4higen Preisen<\/strong> im Bereich der Metallverarbeitung.<\/p>\n<p><img decoding=\"async\" class=\"aligncenter size-full wp-image-891\" src=\"http:\/\/transformadosmetalicostoral.com\/wp-content\/uploads\/2019\/11\/corte-laser-logos.jpg\" alt=\"\" width=\"309\" height=\"104\" srcset=\"https:\/\/transformadosmetalicostoral.com\/wp-content\/uploads\/2019\/11\/corte-laser-logos.jpg 309w, https:\/\/transformadosmetalicostoral.com\/wp-content\/uploads\/2019\/11\/corte-laser-logos-300x101.jpg 300w\" sizes=\"(max-width: 309px) 100vw, 309px\" \/><\/p>","protected":false},"excerpt":{"rendered":"<p>La empresa Transformados Met\u00e1licos Toral, localizada en el vallisoletano Pol\u00edgono de San Crist\u00f3bal (Castilla y Le\u00f3n), ha adquirido una nueva m\u00e1quina para corte de chapa con tecnolog\u00eda l\u00e1ser de fibra \u00f3ptica de \u00faltima generaci\u00f3n. Gracias a ella, podr\u00e1 ofrecer a sus clientes, tanto nacionales como internacionales, una mayor calidad en sus productos y servicios, as\u00ed [&hellip;]<\/p>\n","protected":false},"author":2,"featured_media":915,"comment_status":"closed","ping_status":"open","sticky":false,"template":"","format":"standard","meta":{"_monsterinsights_skip_tracking":false,"_monsterinsights_sitenote_active":false,"_monsterinsights_sitenote_note":"","_monsterinsights_sitenote_category":0,"footnotes":""},"categories":[64],"tags":[],"class_list":["post-890","post","type-post","status-publish","format-standard","has-post-thumbnail","hentry","category-noticias"],"yoast_head":"<!-- This site is optimized with the Yoast SEO plugin v27.4 - https:\/\/yoast.com\/product\/yoast-seo-wordpress\/ -->\n<title>Transformados Met\u00e1licos Toral incorpora a su parque tecnol\u00f3gico una m\u00e1quina de corte de chapa por tecnolog\u00eda l\u00e1ser (fibra \u00f3ptica) de \u00faltima generaci\u00f3n<\/title>\n<meta name=\"robots\" content=\"index, follow, max-snippet:-1, max-image-preview:large, max-video-preview:-1\" \/>\n<link rel=\"canonical\" href=\"https:\/\/transformadosmetalicostoral.com\/de\/metal-processed-toral-integriert-in-seinen-technologiepark-eine-laser-faseroptik-lasertechnologie-blechschneidemaschine-der-neuesten-generation\/\" \/>\n<meta property=\"og:locale\" content=\"de_DE\" \/>\n<meta property=\"og:type\" content=\"article\" \/>\n<meta property=\"og:title\" content=\"Transformados Met\u00e1licos Toral incorpora a su parque tecnol\u00f3gico una m\u00e1quina de corte de chapa por tecnolog\u00eda l\u00e1ser (fibra \u00f3ptica) de \u00faltima generaci\u00f3n\" \/>\n<meta property=\"og:description\" content=\"La empresa Transformados Met\u00e1licos Toral, localizada en el vallisoletano Pol\u00edgono de San Crist\u00f3bal (Castilla y Le\u00f3n), ha adquirido una nueva m\u00e1quina para corte de chapa con tecnolog\u00eda l\u00e1ser de fibra \u00f3ptica de \u00faltima generaci\u00f3n. Gracias a ella, podr\u00e1 ofrecer a sus clientes, tanto nacionales como internacionales, una mayor calidad en sus productos y servicios, as\u00ed [&hellip;]\" \/>\n<meta property=\"og:url\" content=\"https:\/\/transformadosmetalicostoral.com\/de\/metal-processed-toral-integriert-in-seinen-technologiepark-eine-laser-faseroptik-lasertechnologie-blechschneidemaschine-der-neuesten-generation\/\" \/>\n<meta property=\"og:site_name\" content=\"Transformados Met\u00e1licos Toral\" \/>\n<meta property=\"article:publisher\" content=\"https:\/\/www.facebook.com\/p\/Transformados-Metalicos-Toral-100046589936217\/\" \/>\n<meta property=\"article:published_time\" content=\"2019-11-29T18:30:01+00:00\" \/>\n<meta property=\"article:modified_time\" content=\"2023-09-19T06:32:47+00:00\" \/>\n<meta property=\"og:image\" content=\"https:\/\/transformadosmetalicostoral.com\/wp-content\/uploads\/2019\/12\/nueva-maquina-toral-calendario.jpg\" \/>\n\t<meta property=\"og:image:width\" content=\"1000\" \/>\n\t<meta property=\"og:image:height\" content=\"667\" \/>\n\t<meta property=\"og:image:type\" content=\"image\/jpeg\" \/>\n<meta name=\"author\" content=\"Toral\" \/>\n<meta name=\"twitter:card\" content=\"summary_large_image\" \/>\n<meta name=\"twitter:label1\" content=\"Verfasst von\" \/>\n\t<meta name=\"twitter:data1\" content=\"Toral\" \/>\n\t<meta name=\"twitter:label2\" content=\"Gesch\u00e4tzte Lesezeit\" \/>\n\t<meta name=\"twitter:data2\" content=\"2\u00a0Minuten\" \/>\n<script type=\"application\/ld+json\" class=\"yoast-schema-graph\">{\"@context\":\"https:\\\/\\\/schema.org\",\"@graph\":[{\"@type\":\"Article\",\"@id\":\"https:\\\/\\\/transformadosmetalicostoral.com\\\/transformados-metalicos-toral-incorpora-a-su-parque-tecnologico-una-maquina-de-corte-de-chapa-por-tecnologia-laser-fibra-optica-de-ultima-generacion\\\/#article\",\"isPartOf\":{\"@id\":\"https:\\\/\\\/transformadosmetalicostoral.com\\\/transformados-metalicos-toral-incorpora-a-su-parque-tecnologico-una-maquina-de-corte-de-chapa-por-tecnologia-laser-fibra-optica-de-ultima-generacion\\\/\"},\"author\":{\"name\":\"Toral\",\"@id\":\"https:\\\/\\\/transformadosmetalicostoral.com\\\/#\\\/schema\\\/person\\\/65cd995b7d48175777b0134813adde61\"},\"headline\":\"Transformados Met\u00e1licos Toral incorpora a su parque tecnol\u00f3gico una m\u00e1quina de corte de chapa por tecnolog\u00eda l\u00e1ser (fibra \u00f3ptica) de \u00faltima generaci\u00f3n\",\"datePublished\":\"2019-11-29T18:30:01+00:00\",\"dateModified\":\"2023-09-19T06:32:47+00:00\",\"mainEntityOfPage\":{\"@id\":\"https:\\\/\\\/transformadosmetalicostoral.com\\\/transformados-metalicos-toral-incorpora-a-su-parque-tecnologico-una-maquina-de-corte-de-chapa-por-tecnologia-laser-fibra-optica-de-ultima-generacion\\\/\"},\"wordCount\":351,\"publisher\":{\"@id\":\"https:\\\/\\\/transformadosmetalicostoral.com\\\/#organization\"},\"image\":{\"@id\":\"https:\\\/\\\/transformadosmetalicostoral.com\\\/transformados-metalicos-toral-incorpora-a-su-parque-tecnologico-una-maquina-de-corte-de-chapa-por-tecnologia-laser-fibra-optica-de-ultima-generacion\\\/#primaryimage\"},\"thumbnailUrl\":\"https:\\\/\\\/transformadosmetalicostoral.com\\\/wp-content\\\/uploads\\\/2019\\\/12\\\/nueva-maquina-toral-calendario.jpg\",\"articleSection\":[\"Noticias\"],\"inLanguage\":\"de\"},{\"@type\":\"WebPage\",\"@id\":\"https:\\\/\\\/transformadosmetalicostoral.com\\\/transformados-metalicos-toral-incorpora-a-su-parque-tecnologico-una-maquina-de-corte-de-chapa-por-tecnologia-laser-fibra-optica-de-ultima-generacion\\\/\",\"url\":\"https:\\\/\\\/transformadosmetalicostoral.com\\\/transformados-metalicos-toral-incorpora-a-su-parque-tecnologico-una-maquina-de-corte-de-chapa-por-tecnologia-laser-fibra-optica-de-ultima-generacion\\\/\",\"name\":\"Transformados Met\u00e1licos Toral incorpora a su parque tecnol\u00f3gico una m\u00e1quina de corte de chapa por tecnolog\u00eda l\u00e1ser (fibra \u00f3ptica) de \u00faltima generaci\u00f3n\",\"isPartOf\":{\"@id\":\"https:\\\/\\\/transformadosmetalicostoral.com\\\/#website\"},\"primaryImageOfPage\":{\"@id\":\"https:\\\/\\\/transformadosmetalicostoral.com\\\/transformados-metalicos-toral-incorpora-a-su-parque-tecnologico-una-maquina-de-corte-de-chapa-por-tecnologia-laser-fibra-optica-de-ultima-generacion\\\/#primaryimage\"},\"image\":{\"@id\":\"https:\\\/\\\/transformadosmetalicostoral.com\\\/transformados-metalicos-toral-incorpora-a-su-parque-tecnologico-una-maquina-de-corte-de-chapa-por-tecnologia-laser-fibra-optica-de-ultima-generacion\\\/#primaryimage\"},\"thumbnailUrl\":\"https:\\\/\\\/transformadosmetalicostoral.com\\\/wp-content\\\/uploads\\\/2019\\\/12\\\/nueva-maquina-toral-calendario.jpg\",\"datePublished\":\"2019-11-29T18:30:01+00:00\",\"dateModified\":\"2023-09-19T06:32:47+00:00\",\"breadcrumb\":{\"@id\":\"https:\\\/\\\/transformadosmetalicostoral.com\\\/transformados-metalicos-toral-incorpora-a-su-parque-tecnologico-una-maquina-de-corte-de-chapa-por-tecnologia-laser-fibra-optica-de-ultima-generacion\\\/#breadcrumb\"},\"inLanguage\":\"de\",\"potentialAction\":[{\"@type\":\"ReadAction\",\"target\":[\"https:\\\/\\\/transformadosmetalicostoral.com\\\/transformados-metalicos-toral-incorpora-a-su-parque-tecnologico-una-maquina-de-corte-de-chapa-por-tecnologia-laser-fibra-optica-de-ultima-generacion\\\/\"]}]},{\"@type\":\"ImageObject\",\"inLanguage\":\"de\",\"@id\":\"https:\\\/\\\/transformadosmetalicostoral.com\\\/transformados-metalicos-toral-incorpora-a-su-parque-tecnologico-una-maquina-de-corte-de-chapa-por-tecnologia-laser-fibra-optica-de-ultima-generacion\\\/#primaryimage\",\"url\":\"https:\\\/\\\/transformadosmetalicostoral.com\\\/wp-content\\\/uploads\\\/2019\\\/12\\\/nueva-maquina-toral-calendario.jpg\",\"contentUrl\":\"https:\\\/\\\/transformadosmetalicostoral.com\\\/wp-content\\\/uploads\\\/2019\\\/12\\\/nueva-maquina-toral-calendario.jpg\",\"width\":1000,\"height\":667},{\"@type\":\"BreadcrumbList\",\"@id\":\"https:\\\/\\\/transformadosmetalicostoral.com\\\/transformados-metalicos-toral-incorpora-a-su-parque-tecnologico-una-maquina-de-corte-de-chapa-por-tecnologia-laser-fibra-optica-de-ultima-generacion\\\/#breadcrumb\",\"itemListElement\":[{\"@type\":\"ListItem\",\"position\":1,\"name\":\"Portada\",\"item\":\"https:\\\/\\\/transformadosmetalicostoral.com\\\/\"},{\"@type\":\"ListItem\",\"position\":2,\"name\":\"Transformados Met\u00e1licos Toral incorpora a su parque tecnol\u00f3gico una m\u00e1quina de corte de chapa por tecnolog\u00eda l\u00e1ser (fibra \u00f3ptica) de \u00faltima generaci\u00f3n\"}]},{\"@type\":\"WebSite\",\"@id\":\"https:\\\/\\\/transformadosmetalicostoral.com\\\/#website\",\"url\":\"https:\\\/\\\/transformadosmetalicostoral.com\\\/\",\"name\":\"Transformados met\u00e1licos Toral\",\"description\":\"Trabajos de estampaci\u00f3n y\u00a0embutici\u00f3n de piezas met\u00e1licas, soldadura de acero, aluminio y acero inoxidable, y en el dise\u00f1o, construcci\u00f3n\u00a0y montaje de instalaciones mec\u00e1nicas llave en mano\",\"publisher\":{\"@id\":\"https:\\\/\\\/transformadosmetalicostoral.com\\\/#organization\"},\"alternateName\":\"Transformados met\u00e1licos Toral\",\"potentialAction\":[{\"@type\":\"SearchAction\",\"target\":{\"@type\":\"EntryPoint\",\"urlTemplate\":\"https:\\\/\\\/transformadosmetalicostoral.com\\\/?s={search_term_string}\"},\"query-input\":{\"@type\":\"PropertyValueSpecification\",\"valueRequired\":true,\"valueName\":\"search_term_string\"}}],\"inLanguage\":\"de\"},{\"@type\":\"Organization\",\"@id\":\"https:\\\/\\\/transformadosmetalicostoral.com\\\/#organization\",\"name\":\"Transformados met\u00e1licos Toral\",\"alternateName\":\"Transformados met\u00e1licos Toral\",\"url\":\"https:\\\/\\\/transformadosmetalicostoral.com\\\/\",\"logo\":{\"@type\":\"ImageObject\",\"inLanguage\":\"de\",\"@id\":\"https:\\\/\\\/transformadosmetalicostoral.com\\\/#\\\/schema\\\/logo\\\/image\\\/\",\"url\":\"https:\\\/\\\/transformadosmetalicostoral.com\\\/wp-content\\\/uploads\\\/2023\\\/06\\\/favicon.png\",\"contentUrl\":\"https:\\\/\\\/transformadosmetalicostoral.com\\\/wp-content\\\/uploads\\\/2023\\\/06\\\/favicon.png\",\"width\":512,\"height\":512,\"caption\":\"Transformados met\u00e1licos Toral\"},\"image\":{\"@id\":\"https:\\\/\\\/transformadosmetalicostoral.com\\\/#\\\/schema\\\/logo\\\/image\\\/\"},\"sameAs\":[\"https:\\\/\\\/www.facebook.com\\\/p\\\/Transformados-Metalicos-Toral-100046589936217\\\/\",\"https:\\\/\\\/es.linkedin.com\\\/company\\\/transformados-metalicos-toral-sl\"]},{\"@type\":\"Person\",\"@id\":\"https:\\\/\\\/transformadosmetalicostoral.com\\\/#\\\/schema\\\/person\\\/65cd995b7d48175777b0134813adde61\",\"name\":\"Toral\",\"url\":\"https:\\\/\\\/transformadosmetalicostoral.com\\\/de\\\/author\\\/toral\\\/\"}]}<\/script>\n<!-- \/ Yoast SEO plugin. -->","yoast_head_json":{"title":"Transformados Met\u00e1licos Toral integriert in seinen Technologiepark eine hochmoderne Blechschneidemaschine mit Lasertechnologie (Faseroptik).","robots":{"index":"index","follow":"follow","max-snippet":"max-snippet:-1","max-image-preview":"max-image-preview:large","max-video-preview":"max-video-preview:-1"},"canonical":"https:\/\/transformadosmetalicostoral.com\/de\/metal-processed-toral-integriert-in-seinen-technologiepark-eine-laser-faseroptik-lasertechnologie-blechschneidemaschine-der-neuesten-generation\/","og_locale":"de_DE","og_type":"article","og_title":"Transformados Met\u00e1licos Toral incorpora a su parque tecnol\u00f3gico una m\u00e1quina de corte de chapa por tecnolog\u00eda l\u00e1ser (fibra \u00f3ptica) de \u00faltima generaci\u00f3n","og_description":"La empresa Transformados Met\u00e1licos Toral, localizada en el vallisoletano Pol\u00edgono de San Crist\u00f3bal (Castilla y Le\u00f3n), ha adquirido una nueva m\u00e1quina para corte de chapa con tecnolog\u00eda l\u00e1ser de fibra \u00f3ptica de \u00faltima generaci\u00f3n. Gracias a ella, podr\u00e1 ofrecer a sus clientes, tanto nacionales como internacionales, una mayor calidad en sus productos y servicios, as\u00ed [&hellip;]","og_url":"https:\/\/transformadosmetalicostoral.com\/de\/metal-processed-toral-integriert-in-seinen-technologiepark-eine-laser-faseroptik-lasertechnologie-blechschneidemaschine-der-neuesten-generation\/","og_site_name":"Transformados Met\u00e1licos Toral","article_publisher":"https:\/\/www.facebook.com\/p\/Transformados-Metalicos-Toral-100046589936217\/","article_published_time":"2019-11-29T18:30:01+00:00","article_modified_time":"2023-09-19T06:32:47+00:00","og_image":[{"width":1000,"height":667,"url":"https:\/\/transformadosmetalicostoral.com\/wp-content\/uploads\/2019\/12\/nueva-maquina-toral-calendario.jpg","type":"image\/jpeg"}],"author":"Toral","twitter_card":"summary_large_image","twitter_misc":{"Verfasst von":"Toral","Gesch\u00e4tzte Lesezeit":"2\u00a0Minuten"},"schema":{"@context":"https:\/\/schema.org","@graph":[{"@type":"Article","@id":"https:\/\/transformadosmetalicostoral.com\/transformados-metalicos-toral-incorpora-a-su-parque-tecnologico-una-maquina-de-corte-de-chapa-por-tecnologia-laser-fibra-optica-de-ultima-generacion\/#article","isPartOf":{"@id":"https:\/\/transformadosmetalicostoral.com\/transformados-metalicos-toral-incorpora-a-su-parque-tecnologico-una-maquina-de-corte-de-chapa-por-tecnologia-laser-fibra-optica-de-ultima-generacion\/"},"author":{"name":"Toral","@id":"https:\/\/transformadosmetalicostoral.com\/#\/schema\/person\/65cd995b7d48175777b0134813adde61"},"headline":"Transformados Met\u00e1licos Toral incorpora a su parque tecnol\u00f3gico una m\u00e1quina de corte de chapa por tecnolog\u00eda l\u00e1ser (fibra \u00f3ptica) de \u00faltima generaci\u00f3n","datePublished":"2019-11-29T18:30:01+00:00","dateModified":"2023-09-19T06:32:47+00:00","mainEntityOfPage":{"@id":"https:\/\/transformadosmetalicostoral.com\/transformados-metalicos-toral-incorpora-a-su-parque-tecnologico-una-maquina-de-corte-de-chapa-por-tecnologia-laser-fibra-optica-de-ultima-generacion\/"},"wordCount":351,"publisher":{"@id":"https:\/\/transformadosmetalicostoral.com\/#organization"},"image":{"@id":"https:\/\/transformadosmetalicostoral.com\/transformados-metalicos-toral-incorpora-a-su-parque-tecnologico-una-maquina-de-corte-de-chapa-por-tecnologia-laser-fibra-optica-de-ultima-generacion\/#primaryimage"},"thumbnailUrl":"https:\/\/transformadosmetalicostoral.com\/wp-content\/uploads\/2019\/12\/nueva-maquina-toral-calendario.jpg","articleSection":["Noticias"],"inLanguage":"de"},{"@type":"WebPage","@id":"https:\/\/transformadosmetalicostoral.com\/transformados-metalicos-toral-incorpora-a-su-parque-tecnologico-una-maquina-de-corte-de-chapa-por-tecnologia-laser-fibra-optica-de-ultima-generacion\/","url":"https:\/\/transformadosmetalicostoral.com\/transformados-metalicos-toral-incorpora-a-su-parque-tecnologico-una-maquina-de-corte-de-chapa-por-tecnologia-laser-fibra-optica-de-ultima-generacion\/","name":"Transformados Met\u00e1licos Toral integriert in seinen Technologiepark eine hochmoderne Blechschneidemaschine mit Lasertechnologie (Faseroptik).","isPartOf":{"@id":"https:\/\/transformadosmetalicostoral.com\/#website"},"primaryImageOfPage":{"@id":"https:\/\/transformadosmetalicostoral.com\/transformados-metalicos-toral-incorpora-a-su-parque-tecnologico-una-maquina-de-corte-de-chapa-por-tecnologia-laser-fibra-optica-de-ultima-generacion\/#primaryimage"},"image":{"@id":"https:\/\/transformadosmetalicostoral.com\/transformados-metalicos-toral-incorpora-a-su-parque-tecnologico-una-maquina-de-corte-de-chapa-por-tecnologia-laser-fibra-optica-de-ultima-generacion\/#primaryimage"},"thumbnailUrl":"https:\/\/transformadosmetalicostoral.com\/wp-content\/uploads\/2019\/12\/nueva-maquina-toral-calendario.jpg","datePublished":"2019-11-29T18:30:01+00:00","dateModified":"2023-09-19T06:32:47+00:00","breadcrumb":{"@id":"https:\/\/transformadosmetalicostoral.com\/transformados-metalicos-toral-incorpora-a-su-parque-tecnologico-una-maquina-de-corte-de-chapa-por-tecnologia-laser-fibra-optica-de-ultima-generacion\/#breadcrumb"},"inLanguage":"de","potentialAction":[{"@type":"ReadAction","target":["https:\/\/transformadosmetalicostoral.com\/transformados-metalicos-toral-incorpora-a-su-parque-tecnologico-una-maquina-de-corte-de-chapa-por-tecnologia-laser-fibra-optica-de-ultima-generacion\/"]}]},{"@type":"ImageObject","inLanguage":"de","@id":"https:\/\/transformadosmetalicostoral.com\/transformados-metalicos-toral-incorpora-a-su-parque-tecnologico-una-maquina-de-corte-de-chapa-por-tecnologia-laser-fibra-optica-de-ultima-generacion\/#primaryimage","url":"https:\/\/transformadosmetalicostoral.com\/wp-content\/uploads\/2019\/12\/nueva-maquina-toral-calendario.jpg","contentUrl":"https:\/\/transformadosmetalicostoral.com\/wp-content\/uploads\/2019\/12\/nueva-maquina-toral-calendario.jpg","width":1000,"height":667},{"@type":"BreadcrumbList","@id":"https:\/\/transformadosmetalicostoral.com\/transformados-metalicos-toral-incorpora-a-su-parque-tecnologico-una-maquina-de-corte-de-chapa-por-tecnologia-laser-fibra-optica-de-ultima-generacion\/#breadcrumb","itemListElement":[{"@type":"ListItem","position":1,"name":"Portada","item":"https:\/\/transformadosmetalicostoral.com\/"},{"@type":"ListItem","position":2,"name":"Transformados Met\u00e1licos Toral incorpora a su parque tecnol\u00f3gico una m\u00e1quina de corte de chapa por tecnolog\u00eda l\u00e1ser (fibra \u00f3ptica) de \u00faltima generaci\u00f3n"}]},{"@type":"WebSite","@id":"https:\/\/transformadosmetalicostoral.com\/#website","url":"https:\/\/transformadosmetalicostoral.com\/","name":"Toral Metalltransformatoren","description":"Stanz- und Zieharbeiten an Metallteilen, Schwei\u00dfen von Stahl, Aluminium und Edelstahl sowie Entwurf, Konstruktion und Montage schl\u00fcsselfertiger mechanischer Anlagen","publisher":{"@id":"https:\/\/transformadosmetalicostoral.com\/#organization"},"alternateName":"Transformados met\u00e1licos Toral","potentialAction":[{"@type":"SearchAction","target":{"@type":"EntryPoint","urlTemplate":"https:\/\/transformadosmetalicostoral.com\/?s={search_term_string}"},"query-input":{"@type":"PropertyValueSpecification","valueRequired":true,"valueName":"search_term_string"}}],"inLanguage":"de"},{"@type":"Organization","@id":"https:\/\/transformadosmetalicostoral.com\/#organization","name":"Toral Metalltransformatoren","alternateName":"Transformados met\u00e1licos Toral","url":"https:\/\/transformadosmetalicostoral.com\/","logo":{"@type":"ImageObject","inLanguage":"de","@id":"https:\/\/transformadosmetalicostoral.com\/#\/schema\/logo\/image\/","url":"https:\/\/transformadosmetalicostoral.com\/wp-content\/uploads\/2023\/06\/favicon.png","contentUrl":"https:\/\/transformadosmetalicostoral.com\/wp-content\/uploads\/2023\/06\/favicon.png","width":512,"height":512,"caption":"Transformados met\u00e1licos Toral"},"image":{"@id":"https:\/\/transformadosmetalicostoral.com\/#\/schema\/logo\/image\/"},"sameAs":["https:\/\/www.facebook.com\/p\/Transformados-Metalicos-Toral-100046589936217\/","https:\/\/es.linkedin.com\/company\/transformados-metalicos-toral-sl"]},{"@type":"Person","@id":"https:\/\/transformadosmetalicostoral.com\/#\/schema\/person\/65cd995b7d48175777b0134813adde61","name":"Toral","url":"https:\/\/transformadosmetalicostoral.com\/de\/author\/toral\/"}]}},"_links":{"self":[{"href":"https:\/\/transformadosmetalicostoral.com\/de\/wp-json\/wp\/v2\/posts\/890","targetHints":{"allow":["GET"]}}],"collection":[{"href":"https:\/\/transformadosmetalicostoral.com\/de\/wp-json\/wp\/v2\/posts"}],"about":[{"href":"https:\/\/transformadosmetalicostoral.com\/de\/wp-json\/wp\/v2\/types\/post"}],"author":[{"embeddable":true,"href":"https:\/\/transformadosmetalicostoral.com\/de\/wp-json\/wp\/v2\/users\/2"}],"replies":[{"embeddable":true,"href":"https:\/\/transformadosmetalicostoral.com\/de\/wp-json\/wp\/v2\/comments?post=890"}],"version-history":[{"count":3,"href":"https:\/\/transformadosmetalicostoral.com\/de\/wp-json\/wp\/v2\/posts\/890\/revisions"}],"predecessor-version":[{"id":1976,"href":"https:\/\/transformadosmetalicostoral.com\/de\/wp-json\/wp\/v2\/posts\/890\/revisions\/1976"}],"wp:featuredmedia":[{"embeddable":true,"href":"https:\/\/transformadosmetalicostoral.com\/de\/wp-json\/wp\/v2\/media\/915"}],"wp:attachment":[{"href":"https:\/\/transformadosmetalicostoral.com\/de\/wp-json\/wp\/v2\/media?parent=890"}],"wp:term":[{"taxonomy":"category","embeddable":true,"href":"https:\/\/transformadosmetalicostoral.com\/de\/wp-json\/wp\/v2\/categories?post=890"},{"taxonomy":"post_tag","embeddable":true,"href":"https:\/\/transformadosmetalicostoral.com\/de\/wp-json\/wp\/v2\/tags?post=890"}],"curies":[{"name":"wp","href":"https:\/\/api.w.org\/{rel}","templated":true}]}}