{"id":890,"date":"2019-11-29T19:30:01","date_gmt":"2019-11-29T18:30:01","guid":{"rendered":"http:\/\/transformadosmetalicostoral.com\/?p=890"},"modified":"2023-09-19T08:32:47","modified_gmt":"2023-09-19T06:32:47","slug":"metal-processed-toral-incorporates-to-its-technology-park-a-latest-generation-laser-fiber-optic-laser-technology-sheet-cutting-machine","status":"publish","type":"post","link":"https:\/\/transformadosmetalicostoral.com\/en\/transformados-metalicos-toral-incorpora-a-su-parque-tecnologico-una-maquina-de-corte-de-chapa-por-tecnologia-laser-fibra-optica-de-ultima-generacion\/","title":{"rendered":"Transformados Met\u00e1licos Toral incorporates a cutting-edge sheet metal cutting machine using laser technology (fiber optics) into its technological park"},"content":{"rendered":"<p>The company <strong><a href=\"https:\/\/transformadosmetalicostoral.com\/en\/\">Metal Transformed Toral<\/a><\/strong>, located in the Valladolid Pol\u00edgono de San Crist\u00f3bal (Castilla y Le\u00f3n), has acquired a new machine for cutting sheet metal with <strong>cutting-edge fiber optic laser technology<\/strong>. Thanks to it, you will be able to offer your clients, both national and international, higher quality in your products and services, as well as shorter delivery times.<\/p>\n<p>T<strong>oral was born in 1936<\/strong> to provide service to the automotive sheet metal repair sector, and over the years the company evolved, grew and adapted to carry out the metal processing activities that it now carries out: <strong>manufacturing of mechanical installations<\/strong> (manufacturing, assembly and commissioning), both of our own design and of third parties, as well as the <strong>manufacturing of metal parts in series<\/strong> for various industrial sectors.<\/p>\n<p>Highlight that <strong>the new DURMA machine<\/strong> acquired by Toral, it has been co-financed by the European Union through the European Regional Development Fund (ERDF) and by the Government of Castilla y Le\u00f3n through the Institute for Business Competitiveness of Castilla y Le\u00f3n (ICE).<\/p>\n<p>With this new technology, the company will be able to offer its customers a wide range of solutions, since it allows cutting sheets of different materials, such as steel, stainless steel, galvanized sheet, aluminum and brass, of different thicknesses, up to 20 mm depending on the type of material<\/p>\n<p>Finally, it is also important to highlight that <strong>This exclusive cutting system allows you to optimize the production process in a comprehensive way<\/strong>, since, by not depending on external companies, the company can have greater control of the production process from start to finish in its renovated 3,300 m\u00b2 facilities, which will help to be able <strong>offer quality service at competitive prices<\/strong> in the metal processing sector.<\/p>\n<p><img decoding=\"async\" class=\"aligncenter size-full wp-image-891\" src=\"http:\/\/transformadosmetalicostoral.com\/wp-content\/uploads\/2019\/11\/corte-laser-logos.jpg\" alt=\"\" width=\"309\" height=\"104\" srcset=\"https:\/\/transformadosmetalicostoral.com\/wp-content\/uploads\/2019\/11\/corte-laser-logos.jpg 309w, https:\/\/transformadosmetalicostoral.com\/wp-content\/uploads\/2019\/11\/corte-laser-logos-300x101.jpg 300w\" sizes=\"(max-width: 309px) 100vw, 309px\" \/><\/p>","protected":false},"excerpt":{"rendered":"<p>La empresa Transformados Met\u00e1licos Toral, localizada en el vallisoletano Pol\u00edgono de San Crist\u00f3bal (Castilla y Le\u00f3n), ha adquirido una nueva m\u00e1quina para corte de chapa con tecnolog\u00eda l\u00e1ser de fibra \u00f3ptica de \u00faltima generaci\u00f3n. Gracias a ella, podr\u00e1 ofrecer a sus clientes, tanto nacionales como internacionales, una mayor calidad en sus productos y servicios, as\u00ed [&hellip;]<\/p>\n","protected":false},"author":2,"featured_media":915,"comment_status":"closed","ping_status":"open","sticky":false,"template":"","format":"standard","meta":{"_monsterinsights_skip_tracking":false,"_monsterinsights_sitenote_active":false,"_monsterinsights_sitenote_note":"","_monsterinsights_sitenote_category":0,"footnotes":""},"categories":[64],"tags":[],"class_list":["post-890","post","type-post","status-publish","format-standard","has-post-thumbnail","hentry","category-noticias"],"yoast_head":"<!-- This site is optimized with the Yoast SEO plugin v27.4 - https:\/\/yoast.com\/product\/yoast-seo-wordpress\/ -->\n<title>Transformados Met\u00e1licos Toral incorpora a su parque tecnol\u00f3gico una m\u00e1quina de corte de chapa por tecnolog\u00eda l\u00e1ser (fibra \u00f3ptica) de \u00faltima generaci\u00f3n<\/title>\n<meta name=\"robots\" content=\"index, follow, max-snippet:-1, max-image-preview:large, max-video-preview:-1\" \/>\n<link rel=\"canonical\" href=\"https:\/\/transformadosmetalicostoral.com\/en\/metal-processed-toral-incorporates-to-its-technology-park-a-latest-generation-laser-fiber-optic-laser-technology-sheet-cutting-machine\/\" \/>\n<meta property=\"og:locale\" content=\"en_GB\" \/>\n<meta property=\"og:type\" content=\"article\" \/>\n<meta property=\"og:title\" content=\"Transformados Met\u00e1licos Toral incorpora a su parque tecnol\u00f3gico una m\u00e1quina de corte de chapa por tecnolog\u00eda l\u00e1ser (fibra \u00f3ptica) de \u00faltima generaci\u00f3n\" \/>\n<meta property=\"og:description\" content=\"La empresa Transformados Met\u00e1licos Toral, localizada en el vallisoletano Pol\u00edgono de San Crist\u00f3bal (Castilla y Le\u00f3n), ha adquirido una nueva m\u00e1quina para corte de chapa con tecnolog\u00eda l\u00e1ser de fibra \u00f3ptica de \u00faltima generaci\u00f3n. Gracias a ella, podr\u00e1 ofrecer a sus clientes, tanto nacionales como internacionales, una mayor calidad en sus productos y servicios, as\u00ed [&hellip;]\" \/>\n<meta property=\"og:url\" content=\"https:\/\/transformadosmetalicostoral.com\/en\/metal-processed-toral-incorporates-to-its-technology-park-a-latest-generation-laser-fiber-optic-laser-technology-sheet-cutting-machine\/\" \/>\n<meta property=\"og:site_name\" content=\"Transformados Met\u00e1licos Toral\" \/>\n<meta property=\"article:publisher\" content=\"https:\/\/www.facebook.com\/p\/Transformados-Metalicos-Toral-100046589936217\/\" \/>\n<meta property=\"article:published_time\" content=\"2019-11-29T18:30:01+00:00\" \/>\n<meta property=\"article:modified_time\" content=\"2023-09-19T06:32:47+00:00\" \/>\n<meta property=\"og:image\" content=\"https:\/\/transformadosmetalicostoral.com\/wp-content\/uploads\/2019\/12\/nueva-maquina-toral-calendario.jpg\" \/>\n\t<meta property=\"og:image:width\" content=\"1000\" \/>\n\t<meta property=\"og:image:height\" content=\"667\" \/>\n\t<meta property=\"og:image:type\" content=\"image\/jpeg\" \/>\n<meta name=\"author\" content=\"Toral\" \/>\n<meta name=\"twitter:card\" content=\"summary_large_image\" \/>\n<meta name=\"twitter:label1\" content=\"Written by\" \/>\n\t<meta name=\"twitter:data1\" content=\"Toral\" \/>\n\t<meta name=\"twitter:label2\" content=\"Estimated reading time\" \/>\n\t<meta name=\"twitter:data2\" content=\"2 minutes\" \/>\n<script type=\"application\/ld+json\" class=\"yoast-schema-graph\">{\"@context\":\"https:\\\/\\\/schema.org\",\"@graph\":[{\"@type\":\"Article\",\"@id\":\"https:\\\/\\\/transformadosmetalicostoral.com\\\/transformados-metalicos-toral-incorpora-a-su-parque-tecnologico-una-maquina-de-corte-de-chapa-por-tecnologia-laser-fibra-optica-de-ultima-generacion\\\/#article\",\"isPartOf\":{\"@id\":\"https:\\\/\\\/transformadosmetalicostoral.com\\\/transformados-metalicos-toral-incorpora-a-su-parque-tecnologico-una-maquina-de-corte-de-chapa-por-tecnologia-laser-fibra-optica-de-ultima-generacion\\\/\"},\"author\":{\"name\":\"Toral\",\"@id\":\"https:\\\/\\\/transformadosmetalicostoral.com\\\/#\\\/schema\\\/person\\\/65cd995b7d48175777b0134813adde61\"},\"headline\":\"Transformados Met\u00e1licos Toral incorpora a su parque tecnol\u00f3gico una m\u00e1quina de corte de chapa por tecnolog\u00eda l\u00e1ser (fibra \u00f3ptica) de \u00faltima generaci\u00f3n\",\"datePublished\":\"2019-11-29T18:30:01+00:00\",\"dateModified\":\"2023-09-19T06:32:47+00:00\",\"mainEntityOfPage\":{\"@id\":\"https:\\\/\\\/transformadosmetalicostoral.com\\\/transformados-metalicos-toral-incorpora-a-su-parque-tecnologico-una-maquina-de-corte-de-chapa-por-tecnologia-laser-fibra-optica-de-ultima-generacion\\\/\"},\"wordCount\":351,\"publisher\":{\"@id\":\"https:\\\/\\\/transformadosmetalicostoral.com\\\/#organization\"},\"image\":{\"@id\":\"https:\\\/\\\/transformadosmetalicostoral.com\\\/transformados-metalicos-toral-incorpora-a-su-parque-tecnologico-una-maquina-de-corte-de-chapa-por-tecnologia-laser-fibra-optica-de-ultima-generacion\\\/#primaryimage\"},\"thumbnailUrl\":\"https:\\\/\\\/transformadosmetalicostoral.com\\\/wp-content\\\/uploads\\\/2019\\\/12\\\/nueva-maquina-toral-calendario.jpg\",\"articleSection\":[\"Noticias\"],\"inLanguage\":\"en-GB\"},{\"@type\":\"WebPage\",\"@id\":\"https:\\\/\\\/transformadosmetalicostoral.com\\\/transformados-metalicos-toral-incorpora-a-su-parque-tecnologico-una-maquina-de-corte-de-chapa-por-tecnologia-laser-fibra-optica-de-ultima-generacion\\\/\",\"url\":\"https:\\\/\\\/transformadosmetalicostoral.com\\\/transformados-metalicos-toral-incorpora-a-su-parque-tecnologico-una-maquina-de-corte-de-chapa-por-tecnologia-laser-fibra-optica-de-ultima-generacion\\\/\",\"name\":\"Transformados Met\u00e1licos Toral incorpora a su parque tecnol\u00f3gico una m\u00e1quina de corte de chapa por tecnolog\u00eda l\u00e1ser (fibra \u00f3ptica) de \u00faltima generaci\u00f3n\",\"isPartOf\":{\"@id\":\"https:\\\/\\\/transformadosmetalicostoral.com\\\/#website\"},\"primaryImageOfPage\":{\"@id\":\"https:\\\/\\\/transformadosmetalicostoral.com\\\/transformados-metalicos-toral-incorpora-a-su-parque-tecnologico-una-maquina-de-corte-de-chapa-por-tecnologia-laser-fibra-optica-de-ultima-generacion\\\/#primaryimage\"},\"image\":{\"@id\":\"https:\\\/\\\/transformadosmetalicostoral.com\\\/transformados-metalicos-toral-incorpora-a-su-parque-tecnologico-una-maquina-de-corte-de-chapa-por-tecnologia-laser-fibra-optica-de-ultima-generacion\\\/#primaryimage\"},\"thumbnailUrl\":\"https:\\\/\\\/transformadosmetalicostoral.com\\\/wp-content\\\/uploads\\\/2019\\\/12\\\/nueva-maquina-toral-calendario.jpg\",\"datePublished\":\"2019-11-29T18:30:01+00:00\",\"dateModified\":\"2023-09-19T06:32:47+00:00\",\"breadcrumb\":{\"@id\":\"https:\\\/\\\/transformadosmetalicostoral.com\\\/transformados-metalicos-toral-incorpora-a-su-parque-tecnologico-una-maquina-de-corte-de-chapa-por-tecnologia-laser-fibra-optica-de-ultima-generacion\\\/#breadcrumb\"},\"inLanguage\":\"en-GB\",\"potentialAction\":[{\"@type\":\"ReadAction\",\"target\":[\"https:\\\/\\\/transformadosmetalicostoral.com\\\/transformados-metalicos-toral-incorpora-a-su-parque-tecnologico-una-maquina-de-corte-de-chapa-por-tecnologia-laser-fibra-optica-de-ultima-generacion\\\/\"]}]},{\"@type\":\"ImageObject\",\"inLanguage\":\"en-GB\",\"@id\":\"https:\\\/\\\/transformadosmetalicostoral.com\\\/transformados-metalicos-toral-incorpora-a-su-parque-tecnologico-una-maquina-de-corte-de-chapa-por-tecnologia-laser-fibra-optica-de-ultima-generacion\\\/#primaryimage\",\"url\":\"https:\\\/\\\/transformadosmetalicostoral.com\\\/wp-content\\\/uploads\\\/2019\\\/12\\\/nueva-maquina-toral-calendario.jpg\",\"contentUrl\":\"https:\\\/\\\/transformadosmetalicostoral.com\\\/wp-content\\\/uploads\\\/2019\\\/12\\\/nueva-maquina-toral-calendario.jpg\",\"width\":1000,\"height\":667},{\"@type\":\"BreadcrumbList\",\"@id\":\"https:\\\/\\\/transformadosmetalicostoral.com\\\/transformados-metalicos-toral-incorpora-a-su-parque-tecnologico-una-maquina-de-corte-de-chapa-por-tecnologia-laser-fibra-optica-de-ultima-generacion\\\/#breadcrumb\",\"itemListElement\":[{\"@type\":\"ListItem\",\"position\":1,\"name\":\"Portada\",\"item\":\"https:\\\/\\\/transformadosmetalicostoral.com\\\/\"},{\"@type\":\"ListItem\",\"position\":2,\"name\":\"Transformados Met\u00e1licos Toral incorpora a su parque tecnol\u00f3gico una m\u00e1quina de corte de chapa por tecnolog\u00eda l\u00e1ser (fibra \u00f3ptica) de \u00faltima generaci\u00f3n\"}]},{\"@type\":\"WebSite\",\"@id\":\"https:\\\/\\\/transformadosmetalicostoral.com\\\/#website\",\"url\":\"https:\\\/\\\/transformadosmetalicostoral.com\\\/\",\"name\":\"Transformados met\u00e1licos Toral\",\"description\":\"Trabajos de estampaci\u00f3n y\u00a0embutici\u00f3n de piezas met\u00e1licas, soldadura de acero, aluminio y acero inoxidable, y en el dise\u00f1o, construcci\u00f3n\u00a0y montaje de instalaciones mec\u00e1nicas llave en mano\",\"publisher\":{\"@id\":\"https:\\\/\\\/transformadosmetalicostoral.com\\\/#organization\"},\"alternateName\":\"Transformados met\u00e1licos Toral\",\"potentialAction\":[{\"@type\":\"SearchAction\",\"target\":{\"@type\":\"EntryPoint\",\"urlTemplate\":\"https:\\\/\\\/transformadosmetalicostoral.com\\\/?s={search_term_string}\"},\"query-input\":{\"@type\":\"PropertyValueSpecification\",\"valueRequired\":true,\"valueName\":\"search_term_string\"}}],\"inLanguage\":\"en-GB\"},{\"@type\":\"Organization\",\"@id\":\"https:\\\/\\\/transformadosmetalicostoral.com\\\/#organization\",\"name\":\"Transformados met\u00e1licos Toral\",\"alternateName\":\"Transformados met\u00e1licos Toral\",\"url\":\"https:\\\/\\\/transformadosmetalicostoral.com\\\/\",\"logo\":{\"@type\":\"ImageObject\",\"inLanguage\":\"en-GB\",\"@id\":\"https:\\\/\\\/transformadosmetalicostoral.com\\\/#\\\/schema\\\/logo\\\/image\\\/\",\"url\":\"https:\\\/\\\/transformadosmetalicostoral.com\\\/wp-content\\\/uploads\\\/2023\\\/06\\\/favicon.png\",\"contentUrl\":\"https:\\\/\\\/transformadosmetalicostoral.com\\\/wp-content\\\/uploads\\\/2023\\\/06\\\/favicon.png\",\"width\":512,\"height\":512,\"caption\":\"Transformados met\u00e1licos Toral\"},\"image\":{\"@id\":\"https:\\\/\\\/transformadosmetalicostoral.com\\\/#\\\/schema\\\/logo\\\/image\\\/\"},\"sameAs\":[\"https:\\\/\\\/www.facebook.com\\\/p\\\/Transformados-Metalicos-Toral-100046589936217\\\/\",\"https:\\\/\\\/es.linkedin.com\\\/company\\\/transformados-metalicos-toral-sl\"]},{\"@type\":\"Person\",\"@id\":\"https:\\\/\\\/transformadosmetalicostoral.com\\\/#\\\/schema\\\/person\\\/65cd995b7d48175777b0134813adde61\",\"name\":\"Toral\",\"url\":\"https:\\\/\\\/transformadosmetalicostoral.com\\\/en\\\/author\\\/toral\\\/\"}]}<\/script>\n<!-- \/ Yoast SEO plugin. -->","yoast_head_json":{"title":"Transformados Met\u00e1licos Toral incorporates a cutting-edge sheet metal cutting machine using laser technology (fiber optics) into its technological park","robots":{"index":"index","follow":"follow","max-snippet":"max-snippet:-1","max-image-preview":"max-image-preview:large","max-video-preview":"max-video-preview:-1"},"canonical":"https:\/\/transformadosmetalicostoral.com\/en\/metal-processed-toral-incorporates-to-its-technology-park-a-latest-generation-laser-fiber-optic-laser-technology-sheet-cutting-machine\/","og_locale":"en_GB","og_type":"article","og_title":"Transformados Met\u00e1licos Toral incorpora a su parque tecnol\u00f3gico una m\u00e1quina de corte de chapa por tecnolog\u00eda l\u00e1ser (fibra \u00f3ptica) de \u00faltima generaci\u00f3n","og_description":"La empresa Transformados Met\u00e1licos Toral, localizada en el vallisoletano Pol\u00edgono de San Crist\u00f3bal (Castilla y Le\u00f3n), ha adquirido una nueva m\u00e1quina para corte de chapa con tecnolog\u00eda l\u00e1ser de fibra \u00f3ptica de \u00faltima generaci\u00f3n. Gracias a ella, podr\u00e1 ofrecer a sus clientes, tanto nacionales como internacionales, una mayor calidad en sus productos y servicios, as\u00ed [&hellip;]","og_url":"https:\/\/transformadosmetalicostoral.com\/en\/metal-processed-toral-incorporates-to-its-technology-park-a-latest-generation-laser-fiber-optic-laser-technology-sheet-cutting-machine\/","og_site_name":"Transformados Met\u00e1licos Toral","article_publisher":"https:\/\/www.facebook.com\/p\/Transformados-Metalicos-Toral-100046589936217\/","article_published_time":"2019-11-29T18:30:01+00:00","article_modified_time":"2023-09-19T06:32:47+00:00","og_image":[{"width":1000,"height":667,"url":"https:\/\/transformadosmetalicostoral.com\/wp-content\/uploads\/2019\/12\/nueva-maquina-toral-calendario.jpg","type":"image\/jpeg"}],"author":"Toral","twitter_card":"summary_large_image","twitter_misc":{"Written by":"Toral","Estimated reading time":"2 minutes"},"schema":{"@context":"https:\/\/schema.org","@graph":[{"@type":"Article","@id":"https:\/\/transformadosmetalicostoral.com\/transformados-metalicos-toral-incorpora-a-su-parque-tecnologico-una-maquina-de-corte-de-chapa-por-tecnologia-laser-fibra-optica-de-ultima-generacion\/#article","isPartOf":{"@id":"https:\/\/transformadosmetalicostoral.com\/transformados-metalicos-toral-incorpora-a-su-parque-tecnologico-una-maquina-de-corte-de-chapa-por-tecnologia-laser-fibra-optica-de-ultima-generacion\/"},"author":{"name":"Toral","@id":"https:\/\/transformadosmetalicostoral.com\/#\/schema\/person\/65cd995b7d48175777b0134813adde61"},"headline":"Transformados Met\u00e1licos Toral incorpora a su parque tecnol\u00f3gico una m\u00e1quina de corte de chapa por tecnolog\u00eda l\u00e1ser (fibra \u00f3ptica) de \u00faltima generaci\u00f3n","datePublished":"2019-11-29T18:30:01+00:00","dateModified":"2023-09-19T06:32:47+00:00","mainEntityOfPage":{"@id":"https:\/\/transformadosmetalicostoral.com\/transformados-metalicos-toral-incorpora-a-su-parque-tecnologico-una-maquina-de-corte-de-chapa-por-tecnologia-laser-fibra-optica-de-ultima-generacion\/"},"wordCount":351,"publisher":{"@id":"https:\/\/transformadosmetalicostoral.com\/#organization"},"image":{"@id":"https:\/\/transformadosmetalicostoral.com\/transformados-metalicos-toral-incorpora-a-su-parque-tecnologico-una-maquina-de-corte-de-chapa-por-tecnologia-laser-fibra-optica-de-ultima-generacion\/#primaryimage"},"thumbnailUrl":"https:\/\/transformadosmetalicostoral.com\/wp-content\/uploads\/2019\/12\/nueva-maquina-toral-calendario.jpg","articleSection":["Noticias"],"inLanguage":"en-GB"},{"@type":"WebPage","@id":"https:\/\/transformadosmetalicostoral.com\/transformados-metalicos-toral-incorpora-a-su-parque-tecnologico-una-maquina-de-corte-de-chapa-por-tecnologia-laser-fibra-optica-de-ultima-generacion\/","url":"https:\/\/transformadosmetalicostoral.com\/transformados-metalicos-toral-incorpora-a-su-parque-tecnologico-una-maquina-de-corte-de-chapa-por-tecnologia-laser-fibra-optica-de-ultima-generacion\/","name":"Transformados Met\u00e1licos Toral incorporates a cutting-edge sheet metal cutting machine using laser technology (fiber optics) into its technological park","isPartOf":{"@id":"https:\/\/transformadosmetalicostoral.com\/#website"},"primaryImageOfPage":{"@id":"https:\/\/transformadosmetalicostoral.com\/transformados-metalicos-toral-incorpora-a-su-parque-tecnologico-una-maquina-de-corte-de-chapa-por-tecnologia-laser-fibra-optica-de-ultima-generacion\/#primaryimage"},"image":{"@id":"https:\/\/transformadosmetalicostoral.com\/transformados-metalicos-toral-incorpora-a-su-parque-tecnologico-una-maquina-de-corte-de-chapa-por-tecnologia-laser-fibra-optica-de-ultima-generacion\/#primaryimage"},"thumbnailUrl":"https:\/\/transformadosmetalicostoral.com\/wp-content\/uploads\/2019\/12\/nueva-maquina-toral-calendario.jpg","datePublished":"2019-11-29T18:30:01+00:00","dateModified":"2023-09-19T06:32:47+00:00","breadcrumb":{"@id":"https:\/\/transformadosmetalicostoral.com\/transformados-metalicos-toral-incorpora-a-su-parque-tecnologico-una-maquina-de-corte-de-chapa-por-tecnologia-laser-fibra-optica-de-ultima-generacion\/#breadcrumb"},"inLanguage":"en-GB","potentialAction":[{"@type":"ReadAction","target":["https:\/\/transformadosmetalicostoral.com\/transformados-metalicos-toral-incorpora-a-su-parque-tecnologico-una-maquina-de-corte-de-chapa-por-tecnologia-laser-fibra-optica-de-ultima-generacion\/"]}]},{"@type":"ImageObject","inLanguage":"en-GB","@id":"https:\/\/transformadosmetalicostoral.com\/transformados-metalicos-toral-incorpora-a-su-parque-tecnologico-una-maquina-de-corte-de-chapa-por-tecnologia-laser-fibra-optica-de-ultima-generacion\/#primaryimage","url":"https:\/\/transformadosmetalicostoral.com\/wp-content\/uploads\/2019\/12\/nueva-maquina-toral-calendario.jpg","contentUrl":"https:\/\/transformadosmetalicostoral.com\/wp-content\/uploads\/2019\/12\/nueva-maquina-toral-calendario.jpg","width":1000,"height":667},{"@type":"BreadcrumbList","@id":"https:\/\/transformadosmetalicostoral.com\/transformados-metalicos-toral-incorpora-a-su-parque-tecnologico-una-maquina-de-corte-de-chapa-por-tecnologia-laser-fibra-optica-de-ultima-generacion\/#breadcrumb","itemListElement":[{"@type":"ListItem","position":1,"name":"Portada","item":"https:\/\/transformadosmetalicostoral.com\/"},{"@type":"ListItem","position":2,"name":"Transformados Met\u00e1licos Toral incorpora a su parque tecnol\u00f3gico una m\u00e1quina de corte de chapa por tecnolog\u00eda l\u00e1ser (fibra \u00f3ptica) de \u00faltima generaci\u00f3n"}]},{"@type":"WebSite","@id":"https:\/\/transformadosmetalicostoral.com\/#website","url":"https:\/\/transformadosmetalicostoral.com\/","name":"Toral metal transformers","description":"Stamping and drawing work on metal parts, welding of steel, aluminum and stainless steel, and in the design, construction and assembly of turnkey mechanical installations","publisher":{"@id":"https:\/\/transformadosmetalicostoral.com\/#organization"},"alternateName":"Transformados met\u00e1licos Toral","potentialAction":[{"@type":"SearchAction","target":{"@type":"EntryPoint","urlTemplate":"https:\/\/transformadosmetalicostoral.com\/?s={search_term_string}"},"query-input":{"@type":"PropertyValueSpecification","valueRequired":true,"valueName":"search_term_string"}}],"inLanguage":"en-GB"},{"@type":"Organization","@id":"https:\/\/transformadosmetalicostoral.com\/#organization","name":"Toral metal transformers","alternateName":"Transformados met\u00e1licos Toral","url":"https:\/\/transformadosmetalicostoral.com\/","logo":{"@type":"ImageObject","inLanguage":"en-GB","@id":"https:\/\/transformadosmetalicostoral.com\/#\/schema\/logo\/image\/","url":"https:\/\/transformadosmetalicostoral.com\/wp-content\/uploads\/2023\/06\/favicon.png","contentUrl":"https:\/\/transformadosmetalicostoral.com\/wp-content\/uploads\/2023\/06\/favicon.png","width":512,"height":512,"caption":"Transformados met\u00e1licos Toral"},"image":{"@id":"https:\/\/transformadosmetalicostoral.com\/#\/schema\/logo\/image\/"},"sameAs":["https:\/\/www.facebook.com\/p\/Transformados-Metalicos-Toral-100046589936217\/","https:\/\/es.linkedin.com\/company\/transformados-metalicos-toral-sl"]},{"@type":"Person","@id":"https:\/\/transformadosmetalicostoral.com\/#\/schema\/person\/65cd995b7d48175777b0134813adde61","name":"Toral","url":"https:\/\/transformadosmetalicostoral.com\/en\/author\/toral\/"}]}},"_links":{"self":[{"href":"https:\/\/transformadosmetalicostoral.com\/en\/wp-json\/wp\/v2\/posts\/890","targetHints":{"allow":["GET"]}}],"collection":[{"href":"https:\/\/transformadosmetalicostoral.com\/en\/wp-json\/wp\/v2\/posts"}],"about":[{"href":"https:\/\/transformadosmetalicostoral.com\/en\/wp-json\/wp\/v2\/types\/post"}],"author":[{"embeddable":true,"href":"https:\/\/transformadosmetalicostoral.com\/en\/wp-json\/wp\/v2\/users\/2"}],"replies":[{"embeddable":true,"href":"https:\/\/transformadosmetalicostoral.com\/en\/wp-json\/wp\/v2\/comments?post=890"}],"version-history":[{"count":3,"href":"https:\/\/transformadosmetalicostoral.com\/en\/wp-json\/wp\/v2\/posts\/890\/revisions"}],"predecessor-version":[{"id":1976,"href":"https:\/\/transformadosmetalicostoral.com\/en\/wp-json\/wp\/v2\/posts\/890\/revisions\/1976"}],"wp:featuredmedia":[{"embeddable":true,"href":"https:\/\/transformadosmetalicostoral.com\/en\/wp-json\/wp\/v2\/media\/915"}],"wp:attachment":[{"href":"https:\/\/transformadosmetalicostoral.com\/en\/wp-json\/wp\/v2\/media?parent=890"}],"wp:term":[{"taxonomy":"category","embeddable":true,"href":"https:\/\/transformadosmetalicostoral.com\/en\/wp-json\/wp\/v2\/categories?post=890"},{"taxonomy":"post_tag","embeddable":true,"href":"https:\/\/transformadosmetalicostoral.com\/en\/wp-json\/wp\/v2\/tags?post=890"}],"curies":[{"name":"wp","href":"https:\/\/api.w.org\/{rel}","templated":true}]}}