{"id":890,"date":"2019-11-29T19:30:01","date_gmt":"2019-11-29T18:30:01","guid":{"rendered":"http:\/\/transformadosmetalicostoral.com\/?p=890"},"modified":"2023-09-19T08:32:47","modified_gmt":"2023-09-19T06:32:47","slug":"metal-processed-toral-integre-a-son-parc-technologique-une-machine-de-decoupe-de-feuilles-a-technologie-laser-a-fibre-optique-laser-de-derniere-generation","status":"publish","type":"post","link":"https:\/\/transformadosmetalicostoral.com\/fr\/transformados-metalicos-toral-incorpora-a-su-parque-tecnologico-una-maquina-de-corte-de-chapa-por-tecnologia-laser-fibra-optica-de-ultima-generacion\/","title":{"rendered":"Transformados Met\u00e1licos Toral int\u00e8gre dans son parc technologique une machine de d\u00e9coupe de t\u00f4le de pointe utilisant la technologie laser (fibre optique)"},"content":{"rendered":"<p>L&#039;entreprise <strong><a href=\"https:\/\/transformadosmetalicostoral.com\/fr\/\">M\u00e9tal transform\u00e9 Toral<\/a><\/strong>, situ\u00e9e dans le Pol\u00edgono de San Crist\u00f3bal de Valladolid (Castilla y Le\u00f3n), a acquis une nouvelle machine pour couper la t\u00f4le avec <strong>technologie laser \u00e0 fibre optique de pointe<\/strong>. Gr\u00e2ce \u00e0 lui, vous pourrez offrir \u00e0 vos clients, tant nationaux qu&#039;internationaux, une qualit\u00e9 sup\u00e9rieure dans vos produits et services, ainsi que des d\u00e9lais de livraison plus courts.<\/p>\n<p>T<strong>oral est n\u00e9 en 1936<\/strong> pour fournir des services au secteur de la r\u00e9paration de t\u00f4lerie automobile, et au fil des ann\u00e9es, l&#039;entreprise a \u00e9volu\u00e9, grandi et s&#039;est adapt\u00e9e pour r\u00e9aliser les activit\u00e9s de transformation des m\u00e9taux qu&#039;elle exerce aujourd&#039;hui : <strong>fabrication d&#039;installations m\u00e9caniques<\/strong> (fabrication, montage et mise en service), tant de notre propre conception que de tiers, ainsi que des <strong>fabrication de pi\u00e8ces m\u00e9talliques en s\u00e9rie<\/strong> pour divers secteurs industriels.<\/p>\n<p>Soulignez que <strong>la nouvelle machine DURMA<\/strong> acquis par Toral, il a \u00e9t\u00e9 cofinanc\u00e9 par l&#039;Union europ\u00e9enne \u00e0 travers le Fonds europ\u00e9en de d\u00e9veloppement r\u00e9gional (FEDER) et par le gouvernement de Castilla y Le\u00f3n \u00e0 travers l&#039;Institut pour la comp\u00e9titivit\u00e9 des entreprises de Castilla y Le\u00f3n (ICE).<\/p>\n<p>Avec cette nouvelle technologie, l&#039;entreprise pourra offrir \u00e0 ses clients une large gamme de solutions, puisqu&#039;elle permet de d\u00e9couper des t\u00f4les de diff\u00e9rents mat\u00e9riaux, comme l&#039;acier, l&#039;acier inoxydable, la t\u00f4le galvanis\u00e9e, l&#039;aluminium et le laiton, de diff\u00e9rentes \u00e9paisseurs, jusqu&#039;\u00e0 20 mm selon le type de mat\u00e9riau<\/p>\n<p>Enfin, il est \u00e9galement important de souligner que <strong>Ce syst\u00e8me de coupe exclusif vous permet d&#039;optimiser le processus de production de mani\u00e8re globale<\/strong>, car, en ne d\u00e9pendant pas d&#039;entreprises externes, l&#039;entreprise peut avoir un meilleur contr\u00f4le du processus de production du d\u00e9but \u00e0 la fin dans ses installations r\u00e9nov\u00e9es de 3 300 m\u00b2, ce qui lui permettra de <strong>offrir un service de qualit\u00e9 \u00e0 des prix comp\u00e9titifs<\/strong> dans le secteur de la transformation des m\u00e9taux.<\/p>\n<p><img decoding=\"async\" class=\"aligncenter size-full wp-image-891\" src=\"http:\/\/transformadosmetalicostoral.com\/wp-content\/uploads\/2019\/11\/corte-laser-logos.jpg\" alt=\"\" width=\"309\" height=\"104\" srcset=\"https:\/\/transformadosmetalicostoral.com\/wp-content\/uploads\/2019\/11\/corte-laser-logos.jpg 309w, https:\/\/transformadosmetalicostoral.com\/wp-content\/uploads\/2019\/11\/corte-laser-logos-300x101.jpg 300w\" sizes=\"(max-width: 309px) 100vw, 309px\" \/><\/p>","protected":false},"excerpt":{"rendered":"<p>La empresa Transformados Met\u00e1licos Toral, localizada en el vallisoletano Pol\u00edgono de San Crist\u00f3bal (Castilla y Le\u00f3n), ha adquirido una nueva m\u00e1quina para corte de chapa con tecnolog\u00eda l\u00e1ser de fibra \u00f3ptica de \u00faltima generaci\u00f3n. Gracias a ella, podr\u00e1 ofrecer a sus clientes, tanto nacionales como internacionales, una mayor calidad en sus productos y servicios, as\u00ed [&hellip;]<\/p>\n","protected":false},"author":2,"featured_media":915,"comment_status":"closed","ping_status":"open","sticky":false,"template":"","format":"standard","meta":{"_monsterinsights_skip_tracking":false,"_monsterinsights_sitenote_active":false,"_monsterinsights_sitenote_note":"","_monsterinsights_sitenote_category":0,"footnotes":""},"categories":[64],"tags":[],"class_list":["post-890","post","type-post","status-publish","format-standard","has-post-thumbnail","hentry","category-noticias"],"yoast_head":"<!-- This site is optimized with the Yoast SEO plugin v27.4 - https:\/\/yoast.com\/product\/yoast-seo-wordpress\/ -->\n<title>Transformados Met\u00e1licos Toral incorpora a su parque tecnol\u00f3gico una m\u00e1quina de corte de chapa por tecnolog\u00eda l\u00e1ser (fibra \u00f3ptica) de \u00faltima generaci\u00f3n<\/title>\n<meta name=\"robots\" content=\"index, follow, max-snippet:-1, max-image-preview:large, max-video-preview:-1\" \/>\n<link rel=\"canonical\" href=\"https:\/\/transformadosmetalicostoral.com\/fr\/metal-processed-toral-integre-a-son-parc-technologique-une-machine-de-decoupe-de-feuilles-a-technologie-laser-a-fibre-optique-laser-de-derniere-generation\/\" \/>\n<meta property=\"og:locale\" content=\"fr_FR\" \/>\n<meta property=\"og:type\" content=\"article\" \/>\n<meta property=\"og:title\" content=\"Transformados Met\u00e1licos Toral incorpora a su parque tecnol\u00f3gico una m\u00e1quina de corte de chapa por tecnolog\u00eda l\u00e1ser (fibra \u00f3ptica) de \u00faltima generaci\u00f3n\" \/>\n<meta property=\"og:description\" content=\"La empresa Transformados Met\u00e1licos Toral, localizada en el vallisoletano Pol\u00edgono de San Crist\u00f3bal (Castilla y Le\u00f3n), ha adquirido una nueva m\u00e1quina para corte de chapa con tecnolog\u00eda l\u00e1ser de fibra \u00f3ptica de \u00faltima generaci\u00f3n. Gracias a ella, podr\u00e1 ofrecer a sus clientes, tanto nacionales como internacionales, una mayor calidad en sus productos y servicios, as\u00ed [&hellip;]\" \/>\n<meta property=\"og:url\" content=\"https:\/\/transformadosmetalicostoral.com\/fr\/metal-processed-toral-integre-a-son-parc-technologique-une-machine-de-decoupe-de-feuilles-a-technologie-laser-a-fibre-optique-laser-de-derniere-generation\/\" \/>\n<meta property=\"og:site_name\" content=\"Transformados Met\u00e1licos Toral\" \/>\n<meta property=\"article:publisher\" content=\"https:\/\/www.facebook.com\/p\/Transformados-Metalicos-Toral-100046589936217\/\" \/>\n<meta property=\"article:published_time\" content=\"2019-11-29T18:30:01+00:00\" \/>\n<meta property=\"article:modified_time\" content=\"2023-09-19T06:32:47+00:00\" \/>\n<meta property=\"og:image\" content=\"https:\/\/transformadosmetalicostoral.com\/wp-content\/uploads\/2019\/12\/nueva-maquina-toral-calendario.jpg\" \/>\n\t<meta property=\"og:image:width\" content=\"1000\" \/>\n\t<meta property=\"og:image:height\" content=\"667\" \/>\n\t<meta property=\"og:image:type\" content=\"image\/jpeg\" \/>\n<meta name=\"author\" content=\"Toral\" \/>\n<meta name=\"twitter:card\" content=\"summary_large_image\" \/>\n<meta name=\"twitter:label1\" content=\"\u00c9crit par\" \/>\n\t<meta name=\"twitter:data1\" content=\"Toral\" \/>\n\t<meta name=\"twitter:label2\" content=\"Dur\u00e9e de lecture estim\u00e9e\" \/>\n\t<meta name=\"twitter:data2\" content=\"2 minutes\" \/>\n<script type=\"application\/ld+json\" class=\"yoast-schema-graph\">{\"@context\":\"https:\\\/\\\/schema.org\",\"@graph\":[{\"@type\":\"Article\",\"@id\":\"https:\\\/\\\/transformadosmetalicostoral.com\\\/transformados-metalicos-toral-incorpora-a-su-parque-tecnologico-una-maquina-de-corte-de-chapa-por-tecnologia-laser-fibra-optica-de-ultima-generacion\\\/#article\",\"isPartOf\":{\"@id\":\"https:\\\/\\\/transformadosmetalicostoral.com\\\/transformados-metalicos-toral-incorpora-a-su-parque-tecnologico-una-maquina-de-corte-de-chapa-por-tecnologia-laser-fibra-optica-de-ultima-generacion\\\/\"},\"author\":{\"name\":\"Toral\",\"@id\":\"https:\\\/\\\/transformadosmetalicostoral.com\\\/#\\\/schema\\\/person\\\/65cd995b7d48175777b0134813adde61\"},\"headline\":\"Transformados Met\u00e1licos Toral incorpora a su parque tecnol\u00f3gico una m\u00e1quina de corte de chapa por tecnolog\u00eda l\u00e1ser (fibra \u00f3ptica) de \u00faltima generaci\u00f3n\",\"datePublished\":\"2019-11-29T18:30:01+00:00\",\"dateModified\":\"2023-09-19T06:32:47+00:00\",\"mainEntityOfPage\":{\"@id\":\"https:\\\/\\\/transformadosmetalicostoral.com\\\/transformados-metalicos-toral-incorpora-a-su-parque-tecnologico-una-maquina-de-corte-de-chapa-por-tecnologia-laser-fibra-optica-de-ultima-generacion\\\/\"},\"wordCount\":351,\"publisher\":{\"@id\":\"https:\\\/\\\/transformadosmetalicostoral.com\\\/#organization\"},\"image\":{\"@id\":\"https:\\\/\\\/transformadosmetalicostoral.com\\\/transformados-metalicos-toral-incorpora-a-su-parque-tecnologico-una-maquina-de-corte-de-chapa-por-tecnologia-laser-fibra-optica-de-ultima-generacion\\\/#primaryimage\"},\"thumbnailUrl\":\"https:\\\/\\\/transformadosmetalicostoral.com\\\/wp-content\\\/uploads\\\/2019\\\/12\\\/nueva-maquina-toral-calendario.jpg\",\"articleSection\":[\"Noticias\"],\"inLanguage\":\"fr-FR\"},{\"@type\":\"WebPage\",\"@id\":\"https:\\\/\\\/transformadosmetalicostoral.com\\\/transformados-metalicos-toral-incorpora-a-su-parque-tecnologico-una-maquina-de-corte-de-chapa-por-tecnologia-laser-fibra-optica-de-ultima-generacion\\\/\",\"url\":\"https:\\\/\\\/transformadosmetalicostoral.com\\\/transformados-metalicos-toral-incorpora-a-su-parque-tecnologico-una-maquina-de-corte-de-chapa-por-tecnologia-laser-fibra-optica-de-ultima-generacion\\\/\",\"name\":\"Transformados Met\u00e1licos Toral incorpora a su parque tecnol\u00f3gico una m\u00e1quina de corte de chapa por tecnolog\u00eda l\u00e1ser (fibra \u00f3ptica) de \u00faltima generaci\u00f3n\",\"isPartOf\":{\"@id\":\"https:\\\/\\\/transformadosmetalicostoral.com\\\/#website\"},\"primaryImageOfPage\":{\"@id\":\"https:\\\/\\\/transformadosmetalicostoral.com\\\/transformados-metalicos-toral-incorpora-a-su-parque-tecnologico-una-maquina-de-corte-de-chapa-por-tecnologia-laser-fibra-optica-de-ultima-generacion\\\/#primaryimage\"},\"image\":{\"@id\":\"https:\\\/\\\/transformadosmetalicostoral.com\\\/transformados-metalicos-toral-incorpora-a-su-parque-tecnologico-una-maquina-de-corte-de-chapa-por-tecnologia-laser-fibra-optica-de-ultima-generacion\\\/#primaryimage\"},\"thumbnailUrl\":\"https:\\\/\\\/transformadosmetalicostoral.com\\\/wp-content\\\/uploads\\\/2019\\\/12\\\/nueva-maquina-toral-calendario.jpg\",\"datePublished\":\"2019-11-29T18:30:01+00:00\",\"dateModified\":\"2023-09-19T06:32:47+00:00\",\"breadcrumb\":{\"@id\":\"https:\\\/\\\/transformadosmetalicostoral.com\\\/transformados-metalicos-toral-incorpora-a-su-parque-tecnologico-una-maquina-de-corte-de-chapa-por-tecnologia-laser-fibra-optica-de-ultima-generacion\\\/#breadcrumb\"},\"inLanguage\":\"fr-FR\",\"potentialAction\":[{\"@type\":\"ReadAction\",\"target\":[\"https:\\\/\\\/transformadosmetalicostoral.com\\\/transformados-metalicos-toral-incorpora-a-su-parque-tecnologico-una-maquina-de-corte-de-chapa-por-tecnologia-laser-fibra-optica-de-ultima-generacion\\\/\"]}]},{\"@type\":\"ImageObject\",\"inLanguage\":\"fr-FR\",\"@id\":\"https:\\\/\\\/transformadosmetalicostoral.com\\\/transformados-metalicos-toral-incorpora-a-su-parque-tecnologico-una-maquina-de-corte-de-chapa-por-tecnologia-laser-fibra-optica-de-ultima-generacion\\\/#primaryimage\",\"url\":\"https:\\\/\\\/transformadosmetalicostoral.com\\\/wp-content\\\/uploads\\\/2019\\\/12\\\/nueva-maquina-toral-calendario.jpg\",\"contentUrl\":\"https:\\\/\\\/transformadosmetalicostoral.com\\\/wp-content\\\/uploads\\\/2019\\\/12\\\/nueva-maquina-toral-calendario.jpg\",\"width\":1000,\"height\":667},{\"@type\":\"BreadcrumbList\",\"@id\":\"https:\\\/\\\/transformadosmetalicostoral.com\\\/transformados-metalicos-toral-incorpora-a-su-parque-tecnologico-una-maquina-de-corte-de-chapa-por-tecnologia-laser-fibra-optica-de-ultima-generacion\\\/#breadcrumb\",\"itemListElement\":[{\"@type\":\"ListItem\",\"position\":1,\"name\":\"Portada\",\"item\":\"https:\\\/\\\/transformadosmetalicostoral.com\\\/\"},{\"@type\":\"ListItem\",\"position\":2,\"name\":\"Transformados Met\u00e1licos Toral incorpora a su parque tecnol\u00f3gico una m\u00e1quina de corte de chapa por tecnolog\u00eda l\u00e1ser (fibra \u00f3ptica) de \u00faltima generaci\u00f3n\"}]},{\"@type\":\"WebSite\",\"@id\":\"https:\\\/\\\/transformadosmetalicostoral.com\\\/#website\",\"url\":\"https:\\\/\\\/transformadosmetalicostoral.com\\\/\",\"name\":\"Transformados met\u00e1licos Toral\",\"description\":\"Trabajos de estampaci\u00f3n y\u00a0embutici\u00f3n de piezas met\u00e1licas, soldadura de acero, aluminio y acero inoxidable, y en el dise\u00f1o, construcci\u00f3n\u00a0y montaje de instalaciones mec\u00e1nicas llave en mano\",\"publisher\":{\"@id\":\"https:\\\/\\\/transformadosmetalicostoral.com\\\/#organization\"},\"alternateName\":\"Transformados met\u00e1licos Toral\",\"potentialAction\":[{\"@type\":\"SearchAction\",\"target\":{\"@type\":\"EntryPoint\",\"urlTemplate\":\"https:\\\/\\\/transformadosmetalicostoral.com\\\/?s={search_term_string}\"},\"query-input\":{\"@type\":\"PropertyValueSpecification\",\"valueRequired\":true,\"valueName\":\"search_term_string\"}}],\"inLanguage\":\"fr-FR\"},{\"@type\":\"Organization\",\"@id\":\"https:\\\/\\\/transformadosmetalicostoral.com\\\/#organization\",\"name\":\"Transformados met\u00e1licos Toral\",\"alternateName\":\"Transformados met\u00e1licos Toral\",\"url\":\"https:\\\/\\\/transformadosmetalicostoral.com\\\/\",\"logo\":{\"@type\":\"ImageObject\",\"inLanguage\":\"fr-FR\",\"@id\":\"https:\\\/\\\/transformadosmetalicostoral.com\\\/#\\\/schema\\\/logo\\\/image\\\/\",\"url\":\"https:\\\/\\\/transformadosmetalicostoral.com\\\/wp-content\\\/uploads\\\/2023\\\/06\\\/favicon.png\",\"contentUrl\":\"https:\\\/\\\/transformadosmetalicostoral.com\\\/wp-content\\\/uploads\\\/2023\\\/06\\\/favicon.png\",\"width\":512,\"height\":512,\"caption\":\"Transformados met\u00e1licos Toral\"},\"image\":{\"@id\":\"https:\\\/\\\/transformadosmetalicostoral.com\\\/#\\\/schema\\\/logo\\\/image\\\/\"},\"sameAs\":[\"https:\\\/\\\/www.facebook.com\\\/p\\\/Transformados-Metalicos-Toral-100046589936217\\\/\",\"https:\\\/\\\/es.linkedin.com\\\/company\\\/transformados-metalicos-toral-sl\"]},{\"@type\":\"Person\",\"@id\":\"https:\\\/\\\/transformadosmetalicostoral.com\\\/#\\\/schema\\\/person\\\/65cd995b7d48175777b0134813adde61\",\"name\":\"Toral\",\"url\":\"https:\\\/\\\/transformadosmetalicostoral.com\\\/fr\\\/author\\\/toral\\\/\"}]}<\/script>\n<!-- \/ Yoast SEO plugin. -->","yoast_head_json":{"title":"Transformados Met\u00e1licos Toral int\u00e8gre dans son parc technologique une machine de d\u00e9coupe de t\u00f4le de pointe utilisant la technologie laser (fibre optique)","robots":{"index":"index","follow":"follow","max-snippet":"max-snippet:-1","max-image-preview":"max-image-preview:large","max-video-preview":"max-video-preview:-1"},"canonical":"https:\/\/transformadosmetalicostoral.com\/fr\/metal-processed-toral-integre-a-son-parc-technologique-une-machine-de-decoupe-de-feuilles-a-technologie-laser-a-fibre-optique-laser-de-derniere-generation\/","og_locale":"fr_FR","og_type":"article","og_title":"Transformados Met\u00e1licos Toral incorpora a su parque tecnol\u00f3gico una m\u00e1quina de corte de chapa por tecnolog\u00eda l\u00e1ser (fibra \u00f3ptica) de \u00faltima generaci\u00f3n","og_description":"La empresa Transformados Met\u00e1licos Toral, localizada en el vallisoletano Pol\u00edgono de San Crist\u00f3bal (Castilla y Le\u00f3n), ha adquirido una nueva m\u00e1quina para corte de chapa con tecnolog\u00eda l\u00e1ser de fibra \u00f3ptica de \u00faltima generaci\u00f3n. Gracias a ella, podr\u00e1 ofrecer a sus clientes, tanto nacionales como internacionales, una mayor calidad en sus productos y servicios, as\u00ed [&hellip;]","og_url":"https:\/\/transformadosmetalicostoral.com\/fr\/metal-processed-toral-integre-a-son-parc-technologique-une-machine-de-decoupe-de-feuilles-a-technologie-laser-a-fibre-optique-laser-de-derniere-generation\/","og_site_name":"Transformados Met\u00e1licos Toral","article_publisher":"https:\/\/www.facebook.com\/p\/Transformados-Metalicos-Toral-100046589936217\/","article_published_time":"2019-11-29T18:30:01+00:00","article_modified_time":"2023-09-19T06:32:47+00:00","og_image":[{"width":1000,"height":667,"url":"https:\/\/transformadosmetalicostoral.com\/wp-content\/uploads\/2019\/12\/nueva-maquina-toral-calendario.jpg","type":"image\/jpeg"}],"author":"Toral","twitter_card":"summary_large_image","twitter_misc":{"\u00c9crit par":"Toral","Dur\u00e9e de lecture estim\u00e9e":"2 minutes"},"schema":{"@context":"https:\/\/schema.org","@graph":[{"@type":"Article","@id":"https:\/\/transformadosmetalicostoral.com\/transformados-metalicos-toral-incorpora-a-su-parque-tecnologico-una-maquina-de-corte-de-chapa-por-tecnologia-laser-fibra-optica-de-ultima-generacion\/#article","isPartOf":{"@id":"https:\/\/transformadosmetalicostoral.com\/transformados-metalicos-toral-incorpora-a-su-parque-tecnologico-una-maquina-de-corte-de-chapa-por-tecnologia-laser-fibra-optica-de-ultima-generacion\/"},"author":{"name":"Toral","@id":"https:\/\/transformadosmetalicostoral.com\/#\/schema\/person\/65cd995b7d48175777b0134813adde61"},"headline":"Transformados Met\u00e1licos Toral incorpora a su parque tecnol\u00f3gico una m\u00e1quina de corte de chapa por tecnolog\u00eda l\u00e1ser (fibra \u00f3ptica) de \u00faltima generaci\u00f3n","datePublished":"2019-11-29T18:30:01+00:00","dateModified":"2023-09-19T06:32:47+00:00","mainEntityOfPage":{"@id":"https:\/\/transformadosmetalicostoral.com\/transformados-metalicos-toral-incorpora-a-su-parque-tecnologico-una-maquina-de-corte-de-chapa-por-tecnologia-laser-fibra-optica-de-ultima-generacion\/"},"wordCount":351,"publisher":{"@id":"https:\/\/transformadosmetalicostoral.com\/#organization"},"image":{"@id":"https:\/\/transformadosmetalicostoral.com\/transformados-metalicos-toral-incorpora-a-su-parque-tecnologico-una-maquina-de-corte-de-chapa-por-tecnologia-laser-fibra-optica-de-ultima-generacion\/#primaryimage"},"thumbnailUrl":"https:\/\/transformadosmetalicostoral.com\/wp-content\/uploads\/2019\/12\/nueva-maquina-toral-calendario.jpg","articleSection":["Noticias"],"inLanguage":"fr-FR"},{"@type":"WebPage","@id":"https:\/\/transformadosmetalicostoral.com\/transformados-metalicos-toral-incorpora-a-su-parque-tecnologico-una-maquina-de-corte-de-chapa-por-tecnologia-laser-fibra-optica-de-ultima-generacion\/","url":"https:\/\/transformadosmetalicostoral.com\/transformados-metalicos-toral-incorpora-a-su-parque-tecnologico-una-maquina-de-corte-de-chapa-por-tecnologia-laser-fibra-optica-de-ultima-generacion\/","name":"Transformados Met\u00e1licos Toral int\u00e8gre dans son parc technologique une machine de d\u00e9coupe de t\u00f4le de pointe utilisant la technologie laser (fibre optique)","isPartOf":{"@id":"https:\/\/transformadosmetalicostoral.com\/#website"},"primaryImageOfPage":{"@id":"https:\/\/transformadosmetalicostoral.com\/transformados-metalicos-toral-incorpora-a-su-parque-tecnologico-una-maquina-de-corte-de-chapa-por-tecnologia-laser-fibra-optica-de-ultima-generacion\/#primaryimage"},"image":{"@id":"https:\/\/transformadosmetalicostoral.com\/transformados-metalicos-toral-incorpora-a-su-parque-tecnologico-una-maquina-de-corte-de-chapa-por-tecnologia-laser-fibra-optica-de-ultima-generacion\/#primaryimage"},"thumbnailUrl":"https:\/\/transformadosmetalicostoral.com\/wp-content\/uploads\/2019\/12\/nueva-maquina-toral-calendario.jpg","datePublished":"2019-11-29T18:30:01+00:00","dateModified":"2023-09-19T06:32:47+00:00","breadcrumb":{"@id":"https:\/\/transformadosmetalicostoral.com\/transformados-metalicos-toral-incorpora-a-su-parque-tecnologico-una-maquina-de-corte-de-chapa-por-tecnologia-laser-fibra-optica-de-ultima-generacion\/#breadcrumb"},"inLanguage":"fr-FR","potentialAction":[{"@type":"ReadAction","target":["https:\/\/transformadosmetalicostoral.com\/transformados-metalicos-toral-incorpora-a-su-parque-tecnologico-una-maquina-de-corte-de-chapa-por-tecnologia-laser-fibra-optica-de-ultima-generacion\/"]}]},{"@type":"ImageObject","inLanguage":"fr-FR","@id":"https:\/\/transformadosmetalicostoral.com\/transformados-metalicos-toral-incorpora-a-su-parque-tecnologico-una-maquina-de-corte-de-chapa-por-tecnologia-laser-fibra-optica-de-ultima-generacion\/#primaryimage","url":"https:\/\/transformadosmetalicostoral.com\/wp-content\/uploads\/2019\/12\/nueva-maquina-toral-calendario.jpg","contentUrl":"https:\/\/transformadosmetalicostoral.com\/wp-content\/uploads\/2019\/12\/nueva-maquina-toral-calendario.jpg","width":1000,"height":667},{"@type":"BreadcrumbList","@id":"https:\/\/transformadosmetalicostoral.com\/transformados-metalicos-toral-incorpora-a-su-parque-tecnologico-una-maquina-de-corte-de-chapa-por-tecnologia-laser-fibra-optica-de-ultima-generacion\/#breadcrumb","itemListElement":[{"@type":"ListItem","position":1,"name":"Portada","item":"https:\/\/transformadosmetalicostoral.com\/"},{"@type":"ListItem","position":2,"name":"Transformados Met\u00e1licos Toral incorpora a su parque tecnol\u00f3gico una m\u00e1quina de corte de chapa por tecnolog\u00eda l\u00e1ser (fibra \u00f3ptica) de \u00faltima generaci\u00f3n"}]},{"@type":"WebSite","@id":"https:\/\/transformadosmetalicostoral.com\/#website","url":"https:\/\/transformadosmetalicostoral.com\/","name":"Transformateurs m\u00e9talliques Toral","description":"Travaux d&#039;emboutissage et d&#039;emboutissage de pi\u00e8ces m\u00e9talliques, de soudage de l&#039;acier, de l&#039;aluminium et de l&#039;acier inoxydable, ainsi que dans la conception, la construction et le montage d&#039;installations m\u00e9caniques cl\u00e9 en main.","publisher":{"@id":"https:\/\/transformadosmetalicostoral.com\/#organization"},"alternateName":"Transformados met\u00e1licos Toral","potentialAction":[{"@type":"SearchAction","target":{"@type":"EntryPoint","urlTemplate":"https:\/\/transformadosmetalicostoral.com\/?s={search_term_string}"},"query-input":{"@type":"PropertyValueSpecification","valueRequired":true,"valueName":"search_term_string"}}],"inLanguage":"fr-FR"},{"@type":"Organization","@id":"https:\/\/transformadosmetalicostoral.com\/#organization","name":"Transformateurs m\u00e9talliques Toral","alternateName":"Transformados met\u00e1licos Toral","url":"https:\/\/transformadosmetalicostoral.com\/","logo":{"@type":"ImageObject","inLanguage":"fr-FR","@id":"https:\/\/transformadosmetalicostoral.com\/#\/schema\/logo\/image\/","url":"https:\/\/transformadosmetalicostoral.com\/wp-content\/uploads\/2023\/06\/favicon.png","contentUrl":"https:\/\/transformadosmetalicostoral.com\/wp-content\/uploads\/2023\/06\/favicon.png","width":512,"height":512,"caption":"Transformados met\u00e1licos Toral"},"image":{"@id":"https:\/\/transformadosmetalicostoral.com\/#\/schema\/logo\/image\/"},"sameAs":["https:\/\/www.facebook.com\/p\/Transformados-Metalicos-Toral-100046589936217\/","https:\/\/es.linkedin.com\/company\/transformados-metalicos-toral-sl"]},{"@type":"Person","@id":"https:\/\/transformadosmetalicostoral.com\/#\/schema\/person\/65cd995b7d48175777b0134813adde61","name":"Toral","url":"https:\/\/transformadosmetalicostoral.com\/fr\/author\/toral\/"}]}},"_links":{"self":[{"href":"https:\/\/transformadosmetalicostoral.com\/fr\/wp-json\/wp\/v2\/posts\/890","targetHints":{"allow":["GET"]}}],"collection":[{"href":"https:\/\/transformadosmetalicostoral.com\/fr\/wp-json\/wp\/v2\/posts"}],"about":[{"href":"https:\/\/transformadosmetalicostoral.com\/fr\/wp-json\/wp\/v2\/types\/post"}],"author":[{"embeddable":true,"href":"https:\/\/transformadosmetalicostoral.com\/fr\/wp-json\/wp\/v2\/users\/2"}],"replies":[{"embeddable":true,"href":"https:\/\/transformadosmetalicostoral.com\/fr\/wp-json\/wp\/v2\/comments?post=890"}],"version-history":[{"count":3,"href":"https:\/\/transformadosmetalicostoral.com\/fr\/wp-json\/wp\/v2\/posts\/890\/revisions"}],"predecessor-version":[{"id":1976,"href":"https:\/\/transformadosmetalicostoral.com\/fr\/wp-json\/wp\/v2\/posts\/890\/revisions\/1976"}],"wp:featuredmedia":[{"embeddable":true,"href":"https:\/\/transformadosmetalicostoral.com\/fr\/wp-json\/wp\/v2\/media\/915"}],"wp:attachment":[{"href":"https:\/\/transformadosmetalicostoral.com\/fr\/wp-json\/wp\/v2\/media?parent=890"}],"wp:term":[{"taxonomy":"category","embeddable":true,"href":"https:\/\/transformadosmetalicostoral.com\/fr\/wp-json\/wp\/v2\/categories?post=890"},{"taxonomy":"post_tag","embeddable":true,"href":"https:\/\/transformadosmetalicostoral.com\/fr\/wp-json\/wp\/v2\/tags?post=890"}],"curies":[{"name":"wp","href":"https:\/\/api.w.org\/{rel}","templated":true}]}}